{"id":467,"date":"2026-04-29T09:09:17","date_gmt":"2026-04-29T07:09:17","guid":{"rendered":"https:\/\/www.gruppospeleologicopistoiese.it\/?p=467"},"modified":"2026-04-29T09:24:15","modified_gmt":"2026-04-29T07:24:15","slug":"28-febbraio-2026-grotta-di-montecchio","status":"publish","type":"post","link":"https:\/\/www.gruppospeleologicopistoiese.it\/?p=467","title":{"rendered":"28 Febbraio 2026 &#8211; Grotta di Montecchio"},"content":{"rendered":"\n<h4 class=\"wp-block-heading\">Note relative all\u2019armo del ramo freddo (Emiliano):<\/h4>\n\n\n\n<p>pozzo ingresso 15m corda 20m: armo naturale e un frazionamento<\/p>\n\n\n\n<p>pozzo 40m corda 50m: partendo dal traverso gi\u00e0 presente armo naturale poi armo doppio d\u2019inizio pozzo e frazionamento<\/p>\n\n\n\n<p>pozzo dei gessi 10m corda 15m: armo doppio per il traverso attraverso il cunicolo e armo doppio del pozzo vero e proprio<\/p>\n\n\n\n<p>pozzo da 25m per andare alla sala dei serpenti, corda 30m: armo doppio di partenza e 3 frazionamenti<\/p>\n\n\n\n<p>eventuale cordino per scendere 3m dalla sala dei Finocchi all\u2019ingresso del pozzo dei dannati (fattibile anche in libera)<\/p>\n\n\n\n<p>pozzo dei dannati per scendere allo Stige e all\u2019Acheronte corda 25m: armo naturale frazionamento prima della strettoia, dopo la strettoia armo naturale o frazionamento<\/p>\n\n\n\n<h4 class=\"wp-block-heading\">Relazione uscita (Beatrice)<\/h4>\n\n\n\n<p>Questa avventura parte il giorno prima dell\u2019ingresso in grotta.<\/p>\n\n\n\n<p>Venerd\u00ec 27 febbraio, alle 15:20, ci siamo inizialmente trovati all\u2019 Hitachi di Pistoia fra Emiliano, Marco e me. Siamo poi partiti in direzione Prato per ritrovarsi con Alessandra e Michelangelo, dove abbiamo fatto una breve (si fa per dire) spesa in preparazione del bivacco della sera stessa e del necessario per il pranzo in grotta, mentre Alva, Lorenzo e Riccardo ci precedono andando direttamente a Saturnia.<\/p>\n\n\n\n<p>Arrivati poco dopo le 20:00, abbiamo messo su un bivacco molto improvvisato in un\u2019area riservata, dove fra polenta multi-formaggio e grandi quantit\u00e0 di birra, ci siamo goduti i soffusi termali di Saturnia e l\u2019aria fresca di una notte di febbraio. Maurizio ci ha raggiunti pi\u00f9 tardi, e verso l\u20191 di notte ci siamo preparati a dormire chi in tenda, chi in macchina, con l\u2019emozione nel cuore per cosa ci aspettava al mattino.<\/p>\n\n\n\n<p>Sveglia alle 7:30, ma c\u2019era chi aveva aperto gli occhi gi\u00e0 molto prima, e dopo una colazione energica nell\u2019area picnic del parcheggio dove eravamo, siamo partiti alle 09:00 in direzione di Montecchio.<\/p>\n\n\n\n<p>L\u2019ingresso della grotta si trova molto vicino alla strada, cosa che si \u00e8 rivelata una manna dal cielo ore pi\u00f9 tardi, una volta usciti.<\/p>\n\n\n\n<p>Dopo esserci preparati tutti, con il solito check dell\u2019attrezzatura e del nostro equipaggiamento, siamo ufficialmente entrati alle 11:15 del 28 febbraio.<\/p>\n\n\n\n<p>Emiliano \u00e8 stato il primo ad entrare, armando il percorso, dal pozzo di ingresso di 15 metri. Notare che appena sotto l\u2019ingresso si trova una cengia abbastanza ampia da poterci stare in piedi comodamente, proseguendo dal quale si scende in un pozzo frazionato, cos\u00ec detto \u201cpozzo dei ragni\u201d.<\/p>\n\n\n\n<p>Faccio nota su questa cosa in quanto persona con l\u2019aracnofobia, non mi era stato giustamente detto della grande quantit\u00e0 di ragni di grotta che si trovano in questo tratto.<\/p>\n\n\n\n<p>La cosa affascinante dei ragni di grotta \u00e8 che non hanno occhi e perci\u00f2 risultano un po\u2019 bizzarri, ma sono anche decisamente molto grandi. Bisogna perci\u00f2 fare attenzione a non disturbarli o ucciderli per sbaglio, dopotutto siamo noi stavolta ad entrare nel loro habitat non invitati.<\/p>\n\n\n\n<p>Finito questo tratto, inizia subito il pozzo da 40 metri frazionato, il quale \u00e8 per la maggior parte una discesa nel vuoto che \u00e8 estremamente divertente da scendere, ma non altrettanto a risalire per me. Spoiler: sono state lanciate pi\u00f9 imprecazioni su questo posto durante la risalita di tutta la mia vita.<\/p>\n\n\n\n<p>Giunta al frazionamento in discesa, ho avuto leggeri problemi tecnici che mi hanno fatto smoccolare un bel po\u2019, con Emiliano e gli altri che mi attendevano all\u2019arrivo che mi chiedevano di fare da porta voce per chi era ancora in cima. Infatti, giunti alla base del pozzo, dove poi si prosegue per il pozzo dei gessi, Emiliano e Marco hanno scoperto che le corde nei sacchi erano state messe in ordine diverso da quello previsto.<\/p>\n\n\n\n<p>Dopo aver fatto da telefono senza fili fra la base e la cima, ho proseguito la mia discesa con una vescica che mi chiedeva piet\u00e0.<\/p>\n\n\n\n<p>Giunta in fondo, si \u00e8 aperta intorno a me questa sala molto ampia e anche molto alta, con blocchi di roccia grandi che formavano come dei gradoni sul fondo.<\/p>\n\n\n\n<p>Visto dal basso il pozzo prende un aspetto completamente diverso, quasi titanico.<\/p>\n\n\n\n<p>Una volta che ci siamo riuniti tutti, e trovata la corda giusta per il proseguimento, siamo scesi per il pozzo dei gessi. Le pareti erano ricoperte di concrezioni di gesso intorno a noi, che brillavano ad ogni nostro movimento con le torce.<\/p>\n\n\n\n<p>La peculiarit\u00e0 di questo pozzo \u00e8 che per scendervi, \u00e8 necessario sormontare prima uno scalino piuttosto alto, che funge quasi come un parapetto. Superato questo, poi, la discesa \u00e8 piuttosto normale e si giunge nella Sala dei Gessi. Molto ampia e piena di concrezioni in ogni dove, dei profondi fori cilindrici ricoprono la \u201cpavimentazione\u201d, talmente perfetti che sembrano quasi artificiali ma sono in realt\u00e0 il processo di migliaia di anni della natura stessa. Le pareti brillano e ci sono punti in cui quasi pare che le concrezioni siano una cascata cristallizzata sulla parete, ferma nel tempo in una bellezza candida. Mentre mi fermo ad ammirare con stupore la bellezza dei gessi, gli armatori proseguono a preparare la via.<\/p>\n\n\n\n<p>Si prosegue per un pozzo non molto ampio ma facile da scendere, la cui parete tutta attorno ha come degli scalini fatti apposta, dove giungiamo finalmente nella Sala dei Serpenti. La sala \u00e8 grandissima, con pareti alte e quasi dritte, come il salone di un teatro, con una voragine centrale che cattura l\u2019occhio, ma il nostro percorso si trova ben oltre quella voragine.<\/p>\n\n\n\n<p>Dall\u2019altra parte infatti c\u2019\u00e8 l\u2019ingresso di una strettoia , raggiungibile da un passaggio sul lato, che mi ha fatto avere nostalgia per la strettoia nella sabbia della \u201cBuca delle Fate\u201d di Compignano. \u00c8 un passaggio abbastanza basso, infatti, ma anche molto snodato che si alterna fra punti spinosi (direi quasi letteralmente) e punti pi\u00f9 ampi, che a tratti quasi \u00e8 percorribile a gattoni.<\/p>\n\n\n\n<p>Avanti a me c\u2019erano Alva, Lorenzo e Marco, mentre dietro Emiliano e Maurizio aspettavano gli altri. Da notare di questa strettoia che se non si guarda bene dove si va, il rischio di finire in un buco cieco senza fondo non \u00e8 basso, meno male che qualcuno ha pensato bene di segnare la via con un \u201comino di pietra\u201d.<\/p>\n\n\n\n<p>Uscita dal mio personale calvario della strettoia, ho percorso un pezzo abbastanza ampio che porta alla Sala dei Finocchi. Descrivere questa sala \u00e8 arduo, perch\u00e9 non solo \u00e8 davvero enorme, ma \u00e8 anche piena di formazioni, concrezioni, rocce dalle forme pi\u00f9 incredibili, fori cilindrici lunghissimi e ampi nel suolo e questa voragine centrale, circondata da una cengia, che fa da ingresso a quello che viene chiamato \u201cpozzo del diavolo\u201d. Le torce puntate in vari punti proiettavano immagini quasi da teatro delle ombre, per via delle tantissime formazioni rocciose. Abbiamo atteso l\u2019arrivo del resto del gruppo, e una volta tutti riuniti, siamo scesi per un passaggio breve e semplice gi\u00f9 nell\u2019apertura centrale, per arrivare all\u2019ingresso del \u201cpozzo del diavolo\u201d.<\/p>\n\n\n\n<p>Qui, Marco \u00e8 rimasto in cima, di guardia per ogni evenienza, mentre Emiliano \u00e8 sceso per primo. In fondo a questo posto, infatti, si trova un laghetto di acque termali, le stesse che alimentano tutto il complesso termale della zona. Finora non ho menzionato per l\u2019appunto che man mano che scendevamo, la temperatura attorno a noi saliva gradualmente.<\/p>\n\n\n\n<p>Se siamo tutti abituati che in una grotta c\u2019\u00e8 la temperatura costante, spesso intorno molto bassa, nel caso di montecchio la temperatura media \u00e8 di 16\u00b0C.<\/p>\n\n\n\n<p>Lascio la descrizione del lago ad Emiliano che l\u2019ha vissuta al posto mio. Io ho scelto di non scendere, perch\u00e9 sentivo non sarei stata in grado di risalire quel pozzo. C\u2019\u00e8 da notare che \u00e8 un pozzo molto stretto e difficile, richiede movimenti precisi e calcolati sia in discesa che in risalita.<\/p>\n\n\n\n<p>Mentre io e Lorenzo, il quale a sua volta ha preferito non scendere per conservare le energie, siamo risaliti con calma nella Sala dei Finocchi ad attendere che gli altri facessero il bagno nel lago. Abbiamo aspettato molto a lungo, anche se il passare del tempo \u00e8 diverso in grotta, e ho potuto fare l\u2019esperienza quasi mistica del dormire in grotta. Facendo molta attenzione a non poggiare direttamente sulla roccia, mi sono sdraiata e ho chiuso gli occhi, conscia del fatto che mi attendeva un percorso al ritorno che mi avrebbe richiesto tutte le mie forze. L\u2019assoluto buio e il quasi del tutto silenzio, interrotto solo delle nostre sporadiche conversazioni, \u00e8 un\u2019esperienza unica.<\/p>\n\n\n\n<p>Passate quelle che mi sono parse come due ore, sono tornati su i nostri compagni dal \u201cbagno al lago\u201d.<\/p>\n\n\n\n<p>Tranne Marco, Emiliano e Maurizio, noi altri ci siamo subito incamminati verso la Sala dei Serpenti, pronti ad uscire. A quel punto, infatti, erano gi\u00e0 le 19:00, ed eravamo ben oltre la nostra tabella di marcia.<\/p>\n\n\n\n<p>Abbiamo atteso l\u00ec l\u2019arrivo degli altri tre con la compagnia di un chirottero che aspettava solo che ci togliessimo dalle scatole. Quando pi\u00f9 tardi ci hanno raggiunto gli altri tre, si \u00e8 scoperto che in momento di scherzo fra Emiliano e Maurizio, il telefono di Emiliano aveva deciso di fare un tuffo in acqua, passando quasi per miracolo nello spazio di vuoto fra Maurizio che risaliva il pozzo finale e la parete. Dico cos\u00ec per scherzo, ma c\u2019\u00e8 da dire che \u00e8 una vera sfortuna che sia finito il telefono laggi\u00f9 in fondo. Il giorno dopo, quando Emiliano \u00e8 andato a fare la denuncia dai Carabinieri, questi hanno affermato che \u201cin questo caso si pu\u00f2 davvero dire che \u00e8 perso\u201d. Chiss\u00e0 che fra qualche secolo, speleologi del futuro non lo troveranno chiss\u00e0 dove, cristallizzato nel tempo, come cimelio di un\u2019era passata.<\/p>\n\n\n\n<p>Una volta tutti riuniti, hanno iniziato la risalita Riccardo e Lorenzo, che salivano speditissimi, con Marco da apri pista per il ritorno. Dietro di me, seguivano Emiliano, Alessandra e Michelangelo, con Maurizio che disarmava starda facendo. Risalire fino alla sala dove c\u2019\u00e8 la base del pozzo da 40 metri \u00e8 stata la solita fatica, ma il bello arrivava ora.<\/p>\n\n\n\n<p>Era stato gi\u00e0 deciso, infatti, che avrebbero messo su un paranco per aiutare me a risalire questo pozzo oltre che per velocizzare gli altri facendovi passare anche i sacchi con le corde.<\/p>\n\n\n\n<p>Dopo aver atteso che venisse messo il paranco, ho iniziato la mia risalita, a quel unto si era potuto notare dall\u2019orologio di Maurizio che erano le 21:00. Risalire con il mio peso smezzato \u00e8 stato sicuramente d\u2019aiuto, sta di fatti che il frazionamento l\u2019ho passato molto pi\u00f9 in fretta e senza intoppi del previsto. Arriva in cima ho trovato i miei compagni smoccolanti e stanchi, non sar\u00f2 mai grata abbastanza per avermi aiutata.<\/p>\n\n\n\n<p>Mentre Alessandra, Michelangelo risalivano assieme ai sacchi appesi al paranco.<\/p>\n\n\n\n<p>Lorenzo mi ha guidata dandomi delle dritte su come risalire il pozzo dei ragni (con tanta pazienza perch\u00e9 ho avuto da lottare contro i miei istinti di fuga e dove penso di aver fatto intima conoscenza con la mia aracnofobia). Superato il mio personale inferno, ed aiutata da Alva che come sempre \u00e8 pi\u00f9 veloce del vento, ho avuto un momento di sosta sulla cengia che funge come un terrazzino prima dell\u2019ultimo tratto in uscita. Da l\u00ec si poteva ammirare una bellissima luna che illuminava il terrazzino e ci salutava con il cielo della notte.<\/p>\n\n\n\n<p>Fatto un ultimo sforzo, con il supporto costante di Lorenzo e Alva, e Alessandra subito dopo di me, sono finalmente uscita con l\u2019aria fresca della notte che \u00e8 stata una lieta carezza. Nel giro di poco sono usciti anche Alessandra e Michelangelo, seguiti da Marco, Emiliano e Maurizio. L\u2019ora di uscita definitiva \u00e8 le 23:43, dopo poco pi\u00f9 di dodici ore in grotta e superata l\u2019ora d\u2019uscita prevista.<\/p>\n\n\n\n<p>Abbiamo festeggiato l\u2019uscita di tutti con una polenta stopposa della sera prima, e pezzi della colomba pasquale che ci eravamo portati grotta. Riccardo purtroppo \u00e8 scappato come un fulmine prima di potersi godere questo momento.<\/p>\n\n\n\n<p>Tutto sommato, nonostante la perdita di un telefono, la fatica del paranco e il mio apparentemente interminabile calvario della risalita, \u00e8 stata un\u2019avventura che sono felice di aver fatto. Non \u00e8 una grotta facile, \u00e8 per\u00f2 molto interessante e unica, diversa da tante altre proprio perch\u00e9 di origine non solo ipogenica ma termale.<\/p>\n\n\n\n<h4 class=\"wp-block-heading\">Link utili:<\/h4>\n\n\n\n<p><a href=\"https:\/\/www.speleotoscana.it\/scheda-catastale\/?id=254\">https:\/\/www.speleotoscana.it\/scheda-catastale\/?id=254<\/a><\/p>\n\n\n\n<p><a href=\"https:\/\/grottambulo.wordpress.com\/2011\/05\/28\/grotta-di-montecchio-o-del-diavolo-2\/\">https:\/\/grottambulo.wordpress.com\/2011\/05\/28\/grotta-di-montecchio-o-del-diavolo-2\/<\/a><\/p>\n\n\n\n<p><a href=\"https:\/\/aggrottiamoci.com\/2015\/09\/10\/grotta-di-montecchio-6092015\/\">https:\/\/aggrottiamoci.com\/2015\/09\/10\/grotta-di-montecchio-6092015\/<\/a><\/p>\n\n\n\n<p><\/p>\n","protected":false},"excerpt":{"rendered":"<p>Note relative all\u2019armo del ramo freddo (Emiliano): pozzo ingresso 15m corda 20m: armo naturale e un frazionamento pozzo 40m corda 50m: partendo dal traverso gi\u00e0 presente armo naturale poi armo [&hellip;]<\/p>\n","protected":false},"author":13,"featured_media":0,"comment_status":"open","ping_status":"open","sticky":false,"template":"","format":"standard","meta":{"_EventAllDay":false,"_EventTimezone":"","_EventStartDate":"","_EventEndDate":"","_EventStartDateUTC":"","_EventEndDateUTC":"","_EventShowMap":false,"_EventShowMapLink":false,"_EventURL":"","_EventCost":"","_EventCostDescription":"","_EventCurrencySymbol":"","_EventCurrencyCode":"","_EventCurrencyPosition":"","_EventDateTimeSeparator":"","_EventTimeRangeSeparator":"","_EventOrganizerID":[],"_EventVenueID":[],"_OrganizerEmail":"","_OrganizerPhone":"","_OrganizerWebsite":"","_VenueAddress":"","_VenueCity":"","_VenueCountry":"","_VenueProvince":"","_VenueState":"","_VenueZip":"","_VenuePhone":"","_VenueURL":"","_VenueStateProvince":"","_VenueLat":"","_VenueLng":"","_VenueShowMap":false,"_VenueShowMapLink":false,"_themeisle_gutenberg_block_has_review":false,"footnotes":""},"categories":[22,8],"tags":[],"class_list":["post-467","post","type-post","status-publish","format-standard","hentry","category-attivita-2026","category-speleologia"],"yoast_head":"<!-- This site is optimized with the Yoast SEO plugin v26.8 - https:\/\/yoast.com\/product\/yoast-seo-wordpress\/ -->\r\n<title>28 Febbraio 2026 - Grotta di Montecchio - Gruppo Speleologico Pistoiese<\/title>\r\n<meta name=\"description\" content=\"Questa avventura parte il giorno prima dell\u2019ingresso in grotta.Venerd\u00ec 27 febbraio, alle 15:20, ci siamo inizialmente trovati all\u2019 Hitachi di Pistoia fra Emiliano, Marco e me. Siamo poi partiti in direzione Prato per ritrovarsi con Alessandra e Michelangelo, dove abbiamo fatto una breve (si fa per dire) spesa in preparazione del bivacco della sera stessa e del necessario per il pranzo in grotta, mentre Alva, Lorenzo e Riccardo ci precedono andando direttamente a Saturnia.\" \/>\r\n<meta name=\"robots\" content=\"index, follow, max-snippet:-1, max-image-preview:large, max-video-preview:-1\" \/>\r\n<link rel=\"canonical\" href=\"https:\/\/www.gruppospeleologicopistoiese.it\/?p=467\" \/>\r\n<meta property=\"og:locale\" content=\"it_IT\" \/>\r\n<meta property=\"og:type\" content=\"article\" \/>\r\n<meta property=\"og:title\" content=\"28 Febbraio 2026 - Grotta di Montecchio - Gruppo Speleologico Pistoiese\" \/>\r\n<meta property=\"og:description\" content=\"Questa avventura parte il giorno prima dell\u2019ingresso in grotta.Venerd\u00ec 27 febbraio, alle 15:20, ci siamo inizialmente trovati all\u2019 Hitachi di Pistoia fra Emiliano, Marco e me. Siamo poi partiti in direzione Prato per ritrovarsi con Alessandra e Michelangelo, dove abbiamo fatto una breve (si fa per dire) spesa in preparazione del bivacco della sera stessa e del necessario per il pranzo in grotta, mentre Alva, Lorenzo e Riccardo ci precedono andando direttamente a Saturnia.\" \/>\r\n<meta property=\"og:url\" content=\"https:\/\/www.gruppospeleologicopistoiese.it\/?p=467\" \/>\r\n<meta property=\"og:site_name\" content=\"Gruppo Speleologico Pistoiese\" \/>\r\n<meta property=\"article:publisher\" content=\"https:\/\/www.facebook.com\/p\/Gruppo-Speleologico-Pistoiese-Cai-100037940414753\/\" \/>\r\n<meta property=\"article:published_time\" content=\"2026-04-29T07:09:17+00:00\" \/>\r\n<meta property=\"article:modified_time\" content=\"2026-04-29T07:24:15+00:00\" \/>\r\n<meta name=\"author\" content=\"Beatrice De Santis\" \/>\r\n<meta name=\"twitter:card\" content=\"summary_large_image\" \/>\r\n<meta name=\"twitter:label1\" content=\"Scritto da\" \/>\n\t<meta name=\"twitter:data1\" content=\"Beatrice De Santis\" \/>\n\t<meta name=\"twitter:label2\" content=\"Tempo di lettura stimato\" \/>\n\t<meta name=\"twitter:data2\" content=\"11 minuti\" \/>\r\n<script type=\"application\/ld+json\" class=\"yoast-schema-graph\">{\"@context\":\"https:\/\/schema.org\",\"@graph\":[{\"@type\":\"Article\",\"@id\":\"https:\/\/www.gruppospeleologicopistoiese.it\/?p=467#article\",\"isPartOf\":{\"@id\":\"https:\/\/www.gruppospeleologicopistoiese.it\/?p=467\"},\"author\":{\"name\":\"Beatrice De Santis\",\"@id\":\"https:\/\/www.gruppospeleologicopistoiese.it\/#\/schema\/person\/22be6ad36638e72ff071b68bf98ce7e3\"},\"headline\":\"28 Febbraio 2026 &#8211; Grotta di Montecchio\",\"datePublished\":\"2026-04-29T07:09:17+00:00\",\"dateModified\":\"2026-04-29T07:24:15+00:00\",\"mainEntityOfPage\":{\"@id\":\"https:\/\/www.gruppospeleologicopistoiese.it\/?p=467\"},\"wordCount\":2004,\"commentCount\":0,\"publisher\":{\"@id\":\"https:\/\/www.gruppospeleologicopistoiese.it\/#organization\"},\"articleSection\":[\"Attivit\u00e0 2026\",\"Speleologia\"],\"inLanguage\":\"it-IT\",\"potentialAction\":[{\"@type\":\"CommentAction\",\"name\":\"Comment\",\"target\":[\"https:\/\/www.gruppospeleologicopistoiese.it\/?p=467#respond\"]}]},{\"@type\":\"WebPage\",\"@id\":\"https:\/\/www.gruppospeleologicopistoiese.it\/?p=467\",\"url\":\"https:\/\/www.gruppospeleologicopistoiese.it\/?p=467\",\"name\":\"28 Febbraio 2026 - Grotta di Montecchio - Gruppo Speleologico Pistoiese\",\"isPartOf\":{\"@id\":\"https:\/\/www.gruppospeleologicopistoiese.it\/#website\"},\"datePublished\":\"2026-04-29T07:09:17+00:00\",\"dateModified\":\"2026-04-29T07:24:15+00:00\",\"description\":\"Questa avventura parte il giorno prima dell\u2019ingresso in grotta.Venerd\u00ec 27 febbraio, alle 15:20, ci siamo inizialmente trovati all\u2019 Hitachi di Pistoia fra Emiliano, Marco e me. Siamo poi partiti in direzione Prato per ritrovarsi con Alessandra e Michelangelo, dove abbiamo fatto una breve (si fa per dire) spesa in preparazione del bivacco della sera stessa e del necessario per il pranzo in grotta, mentre Alva, Lorenzo e Riccardo ci precedono andando direttamente a Saturnia.\",\"breadcrumb\":{\"@id\":\"https:\/\/www.gruppospeleologicopistoiese.it\/?p=467#breadcrumb\"},\"inLanguage\":\"it-IT\",\"potentialAction\":[{\"@type\":\"ReadAction\",\"target\":[\"https:\/\/www.gruppospeleologicopistoiese.it\/?p=467\"]}]},{\"@type\":\"BreadcrumbList\",\"@id\":\"https:\/\/www.gruppospeleologicopistoiese.it\/?p=467#breadcrumb\",\"itemListElement\":[{\"@type\":\"ListItem\",\"position\":1,\"name\":\"Home\",\"item\":\"https:\/\/www.gruppospeleologicopistoiese.it\/\"},{\"@type\":\"ListItem\",\"position\":2,\"name\":\"28 Febbraio 2026 &#8211; Grotta di Montecchio\"}]},{\"@type\":\"WebSite\",\"@id\":\"https:\/\/www.gruppospeleologicopistoiese.it\/#website\",\"url\":\"https:\/\/www.gruppospeleologicopistoiese.it\/\",\"name\":\"Gruppo Speleologico Pistoiese\",\"description\":\"\",\"publisher\":{\"@id\":\"https:\/\/www.gruppospeleologicopistoiese.it\/#organization\"},\"potentialAction\":[{\"@type\":\"SearchAction\",\"target\":{\"@type\":\"EntryPoint\",\"urlTemplate\":\"https:\/\/www.gruppospeleologicopistoiese.it\/?s={search_term_string}\"},\"query-input\":{\"@type\":\"PropertyValueSpecification\",\"valueRequired\":true,\"valueName\":\"search_term_string\"}}],\"inLanguage\":\"it-IT\"},{\"@type\":\"Organization\",\"@id\":\"https:\/\/www.gruppospeleologicopistoiese.it\/#organization\",\"name\":\"Gruppo Speleologico Pistoiese\",\"url\":\"https:\/\/www.gruppospeleologicopistoiese.it\/\",\"logo\":{\"@type\":\"ImageObject\",\"inLanguage\":\"it-IT\",\"@id\":\"https:\/\/www.gruppospeleologicopistoiese.it\/#\/schema\/logo\/image\/\",\"url\":\"https:\/\/www.gruppospeleologicopistoiese.it\/wp-content\/uploads\/2025\/03\/Logo.png\",\"contentUrl\":\"https:\/\/www.gruppospeleologicopistoiese.it\/wp-content\/uploads\/2025\/03\/Logo.png\",\"width\":1139,\"height\":903,\"caption\":\"Gruppo Speleologico Pistoiese\"},\"image\":{\"@id\":\"https:\/\/www.gruppospeleologicopistoiese.it\/#\/schema\/logo\/image\/\"},\"sameAs\":[\"https:\/\/www.facebook.com\/p\/Gruppo-Speleologico-Pistoiese-Cai-100037940414753\/\",\"https:\/\/www.instagram.com\/gruppo.speleologico.pistoiese\/\"]},{\"@type\":\"Person\",\"@id\":\"https:\/\/www.gruppospeleologicopistoiese.it\/#\/schema\/person\/22be6ad36638e72ff071b68bf98ce7e3\",\"name\":\"Beatrice De Santis\",\"image\":{\"@type\":\"ImageObject\",\"inLanguage\":\"it-IT\",\"@id\":\"https:\/\/www.gruppospeleologicopistoiese.it\/#\/schema\/person\/image\/\",\"url\":\"https:\/\/secure.gravatar.com\/avatar\/eeebb5e2ecb09b5712e15703a85f8c478c0e834683e86028c6431ecfcd7f8d3d?s=96&d=mm&r=g\",\"contentUrl\":\"https:\/\/secure.gravatar.com\/avatar\/eeebb5e2ecb09b5712e15703a85f8c478c0e834683e86028c6431ecfcd7f8d3d?s=96&d=mm&r=g\",\"caption\":\"Beatrice De Santis\"},\"url\":\"https:\/\/www.gruppospeleologicopistoiese.it\/?author=13\"}]}<\/script>\r\n<!-- \/ Yoast SEO plugin. -->","yoast_head_json":{"title":"28 Febbraio 2026 - Grotta di Montecchio - Gruppo Speleologico Pistoiese","description":"Questa avventura parte il giorno prima dell\u2019ingresso in grotta.Venerd\u00ec 27 febbraio, alle 15:20, ci siamo inizialmente trovati all\u2019 Hitachi di Pistoia fra Emiliano, Marco e me. Siamo poi partiti in direzione Prato per ritrovarsi con Alessandra e Michelangelo, dove abbiamo fatto una breve (si fa per dire) spesa in preparazione del bivacco della sera stessa e del necessario per il pranzo in grotta, mentre Alva, Lorenzo e Riccardo ci precedono andando direttamente a Saturnia.","robots":{"index":"index","follow":"follow","max-snippet":"max-snippet:-1","max-image-preview":"max-image-preview:large","max-video-preview":"max-video-preview:-1"},"canonical":"https:\/\/www.gruppospeleologicopistoiese.it\/?p=467","og_locale":"it_IT","og_type":"article","og_title":"28 Febbraio 2026 - Grotta di Montecchio - Gruppo Speleologico Pistoiese","og_description":"Questa avventura parte il giorno prima dell\u2019ingresso in grotta.Venerd\u00ec 27 febbraio, alle 15:20, ci siamo inizialmente trovati all\u2019 Hitachi di Pistoia fra Emiliano, Marco e me. Siamo poi partiti in direzione Prato per ritrovarsi con Alessandra e Michelangelo, dove abbiamo fatto una breve (si fa per dire) spesa in preparazione del bivacco della sera stessa e del necessario per il pranzo in grotta, mentre Alva, Lorenzo e Riccardo ci precedono andando direttamente a Saturnia.","og_url":"https:\/\/www.gruppospeleologicopistoiese.it\/?p=467","og_site_name":"Gruppo Speleologico Pistoiese","article_publisher":"https:\/\/www.facebook.com\/p\/Gruppo-Speleologico-Pistoiese-Cai-100037940414753\/","article_published_time":"2026-04-29T07:09:17+00:00","article_modified_time":"2026-04-29T07:24:15+00:00","author":"Beatrice De Santis","twitter_card":"summary_large_image","twitter_misc":{"Scritto da":"Beatrice De Santis","Tempo di lettura stimato":"11 minuti"},"schema":{"@context":"https:\/\/schema.org","@graph":[{"@type":"Article","@id":"https:\/\/www.gruppospeleologicopistoiese.it\/?p=467#article","isPartOf":{"@id":"https:\/\/www.gruppospeleologicopistoiese.it\/?p=467"},"author":{"name":"Beatrice De Santis","@id":"https:\/\/www.gruppospeleologicopistoiese.it\/#\/schema\/person\/22be6ad36638e72ff071b68bf98ce7e3"},"headline":"28 Febbraio 2026 &#8211; Grotta di Montecchio","datePublished":"2026-04-29T07:09:17+00:00","dateModified":"2026-04-29T07:24:15+00:00","mainEntityOfPage":{"@id":"https:\/\/www.gruppospeleologicopistoiese.it\/?p=467"},"wordCount":2004,"commentCount":0,"publisher":{"@id":"https:\/\/www.gruppospeleologicopistoiese.it\/#organization"},"articleSection":["Attivit\u00e0 2026","Speleologia"],"inLanguage":"it-IT","potentialAction":[{"@type":"CommentAction","name":"Comment","target":["https:\/\/www.gruppospeleologicopistoiese.it\/?p=467#respond"]}]},{"@type":"WebPage","@id":"https:\/\/www.gruppospeleologicopistoiese.it\/?p=467","url":"https:\/\/www.gruppospeleologicopistoiese.it\/?p=467","name":"28 Febbraio 2026 - Grotta di Montecchio - Gruppo Speleologico Pistoiese","isPartOf":{"@id":"https:\/\/www.gruppospeleologicopistoiese.it\/#website"},"datePublished":"2026-04-29T07:09:17+00:00","dateModified":"2026-04-29T07:24:15+00:00","description":"Questa avventura parte il giorno prima dell\u2019ingresso in grotta.Venerd\u00ec 27 febbraio, alle 15:20, ci siamo inizialmente trovati all\u2019 Hitachi di Pistoia fra Emiliano, Marco e me. Siamo poi partiti in direzione Prato per ritrovarsi con Alessandra e Michelangelo, dove abbiamo fatto una breve (si fa per dire) spesa in preparazione del bivacco della sera stessa e del necessario per il pranzo in grotta, mentre Alva, Lorenzo e Riccardo ci precedono andando direttamente a Saturnia.","breadcrumb":{"@id":"https:\/\/www.gruppospeleologicopistoiese.it\/?p=467#breadcrumb"},"inLanguage":"it-IT","potentialAction":[{"@type":"ReadAction","target":["https:\/\/www.gruppospeleologicopistoiese.it\/?p=467"]}]},{"@type":"BreadcrumbList","@id":"https:\/\/www.gruppospeleologicopistoiese.it\/?p=467#breadcrumb","itemListElement":[{"@type":"ListItem","position":1,"name":"Home","item":"https:\/\/www.gruppospeleologicopistoiese.it\/"},{"@type":"ListItem","position":2,"name":"28 Febbraio 2026 &#8211; Grotta di Montecchio"}]},{"@type":"WebSite","@id":"https:\/\/www.gruppospeleologicopistoiese.it\/#website","url":"https:\/\/www.gruppospeleologicopistoiese.it\/","name":"Gruppo Speleologico Pistoiese","description":"","publisher":{"@id":"https:\/\/www.gruppospeleologicopistoiese.it\/#organization"},"potentialAction":[{"@type":"SearchAction","target":{"@type":"EntryPoint","urlTemplate":"https:\/\/www.gruppospeleologicopistoiese.it\/?s={search_term_string}"},"query-input":{"@type":"PropertyValueSpecification","valueRequired":true,"valueName":"search_term_string"}}],"inLanguage":"it-IT"},{"@type":"Organization","@id":"https:\/\/www.gruppospeleologicopistoiese.it\/#organization","name":"Gruppo Speleologico Pistoiese","url":"https:\/\/www.gruppospeleologicopistoiese.it\/","logo":{"@type":"ImageObject","inLanguage":"it-IT","@id":"https:\/\/www.gruppospeleologicopistoiese.it\/#\/schema\/logo\/image\/","url":"https:\/\/www.gruppospeleologicopistoiese.it\/wp-content\/uploads\/2025\/03\/Logo.png","contentUrl":"https:\/\/www.gruppospeleologicopistoiese.it\/wp-content\/uploads\/2025\/03\/Logo.png","width":1139,"height":903,"caption":"Gruppo Speleologico Pistoiese"},"image":{"@id":"https:\/\/www.gruppospeleologicopistoiese.it\/#\/schema\/logo\/image\/"},"sameAs":["https:\/\/www.facebook.com\/p\/Gruppo-Speleologico-Pistoiese-Cai-100037940414753\/","https:\/\/www.instagram.com\/gruppo.speleologico.pistoiese\/"]},{"@type":"Person","@id":"https:\/\/www.gruppospeleologicopistoiese.it\/#\/schema\/person\/22be6ad36638e72ff071b68bf98ce7e3","name":"Beatrice De Santis","image":{"@type":"ImageObject","inLanguage":"it-IT","@id":"https:\/\/www.gruppospeleologicopistoiese.it\/#\/schema\/person\/image\/","url":"https:\/\/secure.gravatar.com\/avatar\/eeebb5e2ecb09b5712e15703a85f8c478c0e834683e86028c6431ecfcd7f8d3d?s=96&d=mm&r=g","contentUrl":"https:\/\/secure.gravatar.com\/avatar\/eeebb5e2ecb09b5712e15703a85f8c478c0e834683e86028c6431ecfcd7f8d3d?s=96&d=mm&r=g","caption":"Beatrice De Santis"},"url":"https:\/\/www.gruppospeleologicopistoiese.it\/?author=13"}]}},"_links":{"self":[{"href":"https:\/\/www.gruppospeleologicopistoiese.it\/index.php?rest_route=\/wp\/v2\/posts\/467","targetHints":{"allow":["GET"]}}],"collection":[{"href":"https:\/\/www.gruppospeleologicopistoiese.it\/index.php?rest_route=\/wp\/v2\/posts"}],"about":[{"href":"https:\/\/www.gruppospeleologicopistoiese.it\/index.php?rest_route=\/wp\/v2\/types\/post"}],"author":[{"embeddable":true,"href":"https:\/\/www.gruppospeleologicopistoiese.it\/index.php?rest_route=\/wp\/v2\/users\/13"}],"replies":[{"embeddable":true,"href":"https:\/\/www.gruppospeleologicopistoiese.it\/index.php?rest_route=%2Fwp%2Fv2%2Fcomments&post=467"}],"version-history":[{"count":6,"href":"https:\/\/www.gruppospeleologicopistoiese.it\/index.php?rest_route=\/wp\/v2\/posts\/467\/revisions"}],"predecessor-version":[{"id":477,"href":"https:\/\/www.gruppospeleologicopistoiese.it\/index.php?rest_route=\/wp\/v2\/posts\/467\/revisions\/477"}],"wp:attachment":[{"href":"https:\/\/www.gruppospeleologicopistoiese.it\/index.php?rest_route=%2Fwp%2Fv2%2Fmedia&parent=467"}],"wp:term":[{"taxonomy":"category","embeddable":true,"href":"https:\/\/www.gruppospeleologicopistoiese.it\/index.php?rest_route=%2Fwp%2Fv2%2Fcategories&post=467"},{"taxonomy":"post_tag","embeddable":true,"href":"https:\/\/www.gruppospeleologicopistoiese.it\/index.php?rest_route=%2Fwp%2Fv2%2Ftags&post=467"}],"curies":[{"name":"wp","href":"https:\/\/api.w.org\/{rel}","templated":true}]}}